{"id":1553,"date":"2026-09-04T14:48:32","date_gmt":"2026-09-04T14:48:32","guid":{"rendered":"https:\/\/www.smbfortuna.com\/?p=1553"},"modified":"2026-09-04T15:00:00","modified_gmt":"2026-09-04T15:00:00","slug":"primer-dia-lectivo-10-de-septiembre","status":"publish","type":"post","link":"https:\/\/www.smbfortuna.com\/index.php\/2026\/09\/04\/primer-dia-lectivo-10-de-septiembre\/","title":{"rendered":"PRIMER D\u00cdA LECTIVO: 10 DE SEPTIEMBRE"},"content":{"rendered":"\n<figure class=\"wp-block-image size-large\"><img loading=\"lazy\" decoding=\"async\" width=\"1008\" height=\"1024\" src=\"https:\/\/www.smbfortuna.com\/wp-content\/uploads\/2026\/09\/IMG-20260904-WA0023-1-1008x1024.jpg\" alt=\"\" class=\"wp-image-1554\" srcset=\"https:\/\/www.smbfortuna.com\/wp-content\/uploads\/2026\/09\/IMG-20260904-WA0023-1-1008x1024.jpg 1008w, https:\/\/www.smbfortuna.com\/wp-content\/uploads\/2026\/09\/IMG-20260904-WA0023-1-295x300.jpg 295w, https:\/\/www.smbfortuna.com\/wp-content\/uploads\/2026\/09\/IMG-20260904-WA0023-1-768x780.jpg 768w, https:\/\/www.smbfortuna.com\/wp-content\/uploads\/2026\/09\/IMG-20260904-WA0023-1.jpg 1126w\" sizes=\"auto, (max-width: 1008px) 100vw, 1008px\" \/><\/figure>\n\n\n\n<p class=\"has-black-color has-text-color has-link-color wp-elements-1 wp-block-paragraph\">El pr\u00f3ximo jueves 10 de septiembre tendr\u00e1 lugar el primer d\u00eda lectivo para los alumnos de ESO y Bachillerato de nuestro instituto:<\/p>\n\n\n\n<p class=\"has-black-color has-text-color has-link-color wp-elements-2 wp-block-paragraph\">Todos los alumnos y alumnas deber\u00e1n acudir al pabell\u00f3n de Educaci\u00f3n F\u00edsica a la hora indicada en cada caso.<br>La jornada en general acabar\u00e1 en torno a las 13.00 horas. Este primer d\u00eda es para presentar a los docentes, hablar de material que deber\u00e1n llevar, comprobar horarios, etc\u2026<\/p>\n\n\n\n<p class=\"has-black-color has-text-color has-link-color wp-elements-3 wp-block-paragraph\"><br>\ud83c\udfebAl siguiente d\u00eda, viernes 11 de septiembre,  se espera jornada normal con horario normal ( 8.30 a 14.30 horas).<\/p>\n\n\n\n<p class=\"has-black-color has-text-color has-link-color wp-elements-4 wp-block-paragraph\"><br>\ud83d\ude8cEn caso de usar <strong>transporte escolar<\/strong> ese d\u00eda la empresa estar\u00e1 avisada para hacer el horario de 8.30 a 13.00 horas. A partir del 11 ya har\u00e1 rutas y horario normal.<\/p>\n\n\n\n<figure class=\"wp-block-image size-large\"><img loading=\"lazy\" decoding=\"async\" width=\"1024\" height=\"585\" src=\"https:\/\/www.smbfortuna.com\/wp-content\/uploads\/2026\/09\/image-1024x585.png\" alt=\"\" class=\"wp-image-1555\" srcset=\"https:\/\/www.smbfortuna.com\/wp-content\/uploads\/2026\/09\/image-1024x585.png 1024w, https:\/\/www.smbfortuna.com\/wp-content\/uploads\/2026\/09\/image-300x171.png 300w, https:\/\/www.smbfortuna.com\/wp-content\/uploads\/2026\/09\/image-767x438.png 767w, https:\/\/www.smbfortuna.com\/wp-content\/uploads\/2026\/09\/image.png 1082w\" sizes=\"auto, (max-width: 1024px) 100vw, 1024px\" \/><\/figure>\n","protected":false},"excerpt":{"rendered":"<p>El pr\u00f3ximo jueves 10 de septiembre tendr\u00e1 lugar el primer d\u00eda lectivo para los alumnos de ESO y Bachillerato de nuestro instituto: Todos los alumnos y alumnas deber\u00e1n acudir al pabell\u00f3n de Educaci\u00f3n F\u00edsica a la hora indicada en cada caso.La jornada en general acabar\u00e1 en torno a las 13.00 horas. Este primer d\u00eda es [&hellip;]<\/p>\n","protected":false},"author":2,"featured_media":1557,"comment_status":"open","ping_status":"closed","sticky":false,"template":"","format":"standard","meta":{"_uag_custom_page_level_css":"","footnotes":""},"categories":[8,7],"tags":[],"class_list":["post-1553","post","type-post","status-publish","format-standard","has-post-thumbnail","hentry","category-alumnos","category-familias"],"yoast_head":"<!-- This site is optimized with the Yoast SEO plugin v28.4 - https:\/\/yoast.com\/product\/yoast-seo-wordpress\/ -->\n<title>PRIMER D\u00cdA LECTIVO: 10 DE SEPTIEMBRE - IES Santa Mar\u00eda de los Ba\u00f1os<\/title>\n<meta name=\"robots\" content=\"index, follow, max-snippet:-1, max-image-preview:large, max-video-preview:-1\" \/>\n<link rel=\"canonical\" href=\"https:\/\/www.smbfortuna.com\/index.php\/2026\/09\/04\/primer-dia-lectivo-10-de-septiembre\/\" \/>\n<meta property=\"og:locale\" content=\"es_ES\" \/>\n<meta property=\"og:type\" content=\"article\" \/>\n<meta property=\"og:title\" content=\"PRIMER D\u00cdA LECTIVO: 10 DE SEPTIEMBRE - IES Santa Mar\u00eda de los Ba\u00f1os\" \/>\n<meta property=\"og:description\" content=\"El pr\u00f3ximo jueves 10 de septiembre tendr\u00e1 lugar el primer d\u00eda lectivo para los alumnos de ESO y Bachillerato de nuestro instituto: Todos los alumnos y alumnas deber\u00e1n acudir al pabell\u00f3n de Educaci\u00f3n F\u00edsica a la hora indicada en cada caso.La jornada en general acabar\u00e1 en torno a las 13.00 horas. Este primer d\u00eda es [&hellip;]\" \/>\n<meta property=\"og:url\" content=\"https:\/\/www.smbfortuna.com\/index.php\/2026\/09\/04\/primer-dia-lectivo-10-de-septiembre\/\" \/>\n<meta property=\"og:site_name\" content=\"IES Santa Mar\u00eda de los Ba\u00f1os\" \/>\n<meta property=\"article:published_time\" content=\"2026-09-04T14:48:32+00:00\" \/>\n<meta property=\"article:modified_time\" content=\"2026-09-04T15:00:00+00:00\" \/>\n<meta property=\"og:image\" content=\"https:\/\/www.smbfortuna.com\/wp-content\/uploads\/2026\/09\/10-SEPTIEMBRE.png\" \/>\n\t<meta property=\"og:image:width\" content=\"484\" \/>\n\t<meta property=\"og:image:height\" content=\"239\" \/>\n\t<meta property=\"og:image:type\" content=\"image\/png\" \/>\n<meta name=\"author\" content=\"smbfortuna\" \/>\n<meta name=\"twitter:card\" content=\"summary_large_image\" \/>\n<meta name=\"twitter:label1\" content=\"Escrito por\" \/>\n\t<meta name=\"twitter:data1\" content=\"smbfortuna\" \/>\n\t<meta name=\"twitter:label2\" content=\"Tiempo de lectura\" \/>\n\t<meta name=\"twitter:data2\" content=\"2 minutos\" \/>\n<script type=\"application\/ld+json\" class=\"yoast-schema-graph\">{\"@context\":\"https:\\\/\\\/schema.org\",\"@graph\":[{\"@type\":\"Article\",\"@id\":\"https:\\\/\\\/www.smbfortuna.com\\\/index.php\\\/2026\\\/09\\\/04\\\/primer-dia-lectivo-10-de-septiembre\\\/#article\",\"isPartOf\":{\"@id\":\"https:\\\/\\\/www.smbfortuna.com\\\/index.php\\\/2026\\\/09\\\/04\\\/primer-dia-lectivo-10-de-septiembre\\\/\"},\"author\":{\"name\":\"smbfortuna\",\"@id\":\"https:\\\/\\\/www.smbfortuna.com\\\/#\\\/schema\\\/person\\\/0ce9c6614bef5819f9aeb2e88bf80999\"},\"headline\":\"PRIMER D\u00cdA LECTIVO: 10 DE SEPTIEMBRE\",\"datePublished\":\"2026-09-04T14:48:32+00:00\",\"dateModified\":\"2026-09-04T15:00:00+00:00\",\"mainEntityOfPage\":{\"@id\":\"https:\\\/\\\/www.smbfortuna.com\\\/index.php\\\/2026\\\/09\\\/04\\\/primer-dia-lectivo-10-de-septiembre\\\/\"},\"wordCount\":127,\"commentCount\":0,\"publisher\":{\"@id\":\"https:\\\/\\\/www.smbfortuna.com\\\/#organization\"},\"image\":{\"@id\":\"https:\\\/\\\/www.smbfortuna.com\\\/index.php\\\/2026\\\/09\\\/04\\\/primer-dia-lectivo-10-de-septiembre\\\/#primaryimage\"},\"thumbnailUrl\":\"https:\\\/\\\/www.smbfortuna.com\\\/wp-content\\\/uploads\\\/2026\\\/09\\\/10-SEPTIEMBRE.png\",\"articleSection\":[\"Alumnos\",\"Familias\"],\"inLanguage\":\"es\",\"potentialAction\":[{\"@type\":\"CommentAction\",\"name\":\"Comment\",\"target\":[\"https:\\\/\\\/www.smbfortuna.com\\\/index.php\\\/2026\\\/09\\\/04\\\/primer-dia-lectivo-10-de-septiembre\\\/#respond\"]}]},{\"@type\":\"WebPage\",\"@id\":\"https:\\\/\\\/www.smbfortuna.com\\\/index.php\\\/2026\\\/09\\\/04\\\/primer-dia-lectivo-10-de-septiembre\\\/\",\"url\":\"https:\\\/\\\/www.smbfortuna.com\\\/index.php\\\/2026\\\/09\\\/04\\\/primer-dia-lectivo-10-de-septiembre\\\/\",\"name\":\"PRIMER D\u00cdA LECTIVO: 10 DE SEPTIEMBRE - IES Santa Mar\u00eda de los Ba\u00f1os\",\"isPartOf\":{\"@id\":\"https:\\\/\\\/www.smbfortuna.com\\\/#website\"},\"primaryImageOfPage\":{\"@id\":\"https:\\\/\\\/www.smbfortuna.com\\\/index.php\\\/2026\\\/09\\\/04\\\/primer-dia-lectivo-10-de-septiembre\\\/#primaryimage\"},\"image\":{\"@id\":\"https:\\\/\\\/www.smbfortuna.com\\\/index.php\\\/2026\\\/09\\\/04\\\/primer-dia-lectivo-10-de-septiembre\\\/#primaryimage\"},\"thumbnailUrl\":\"https:\\\/\\\/www.smbfortuna.com\\\/wp-content\\\/uploads\\\/2026\\\/09\\\/10-SEPTIEMBRE.png\",\"datePublished\":\"2026-09-04T14:48:32+00:00\",\"dateModified\":\"2026-09-04T15:00:00+00:00\",\"breadcrumb\":{\"@id\":\"https:\\\/\\\/www.smbfortuna.com\\\/index.php\\\/2026\\\/09\\\/04\\\/primer-dia-lectivo-10-de-septiembre\\\/#breadcrumb\"},\"inLanguage\":\"es\",\"potentialAction\":[{\"@type\":\"ReadAction\",\"target\":[\"https:\\\/\\\/www.smbfortuna.com\\\/index.php\\\/2026\\\/09\\\/04\\\/primer-dia-lectivo-10-de-septiembre\\\/\"]}]},{\"@type\":\"ImageObject\",\"inLanguage\":\"es\",\"@id\":\"https:\\\/\\\/www.smbfortuna.com\\\/index.php\\\/2026\\\/09\\\/04\\\/primer-dia-lectivo-10-de-septiembre\\\/#primaryimage\",\"url\":\"https:\\\/\\\/www.smbfortuna.com\\\/wp-content\\\/uploads\\\/2026\\\/09\\\/10-SEPTIEMBRE.png\",\"contentUrl\":\"https:\\\/\\\/www.smbfortuna.com\\\/wp-content\\\/uploads\\\/2026\\\/09\\\/10-SEPTIEMBRE.png\",\"width\":484,\"height\":239},{\"@type\":\"BreadcrumbList\",\"@id\":\"https:\\\/\\\/www.smbfortuna.com\\\/index.php\\\/2026\\\/09\\\/04\\\/primer-dia-lectivo-10-de-septiembre\\\/#breadcrumb\",\"itemListElement\":[{\"@type\":\"ListItem\",\"position\":1,\"name\":\"Portada\",\"item\":\"https:\\\/\\\/www.smbfortuna.com\\\/\"},{\"@type\":\"ListItem\",\"position\":2,\"name\":\"PRIMER D\u00cdA LECTIVO: 10 DE SEPTIEMBRE\"}]},{\"@type\":\"WebSite\",\"@id\":\"https:\\\/\\\/www.smbfortuna.com\\\/#website\",\"url\":\"https:\\\/\\\/www.smbfortuna.com\\\/\",\"name\":\"IES Santa Mar\u00eda de los Ba\u00f1os\",\"description\":\"\",\"publisher\":{\"@id\":\"https:\\\/\\\/www.smbfortuna.com\\\/#organization\"},\"potentialAction\":[{\"@type\":\"SearchAction\",\"target\":{\"@type\":\"EntryPoint\",\"urlTemplate\":\"https:\\\/\\\/www.smbfortuna.com\\\/?s={search_term_string}\"},\"query-input\":{\"@type\":\"PropertyValueSpecification\",\"valueRequired\":true,\"valueName\":\"search_term_string\"}}],\"inLanguage\":\"es\"},{\"@type\":\"Organization\",\"@id\":\"https:\\\/\\\/www.smbfortuna.com\\\/#organization\",\"name\":\"IES Santa Mar\u00eda de los Ba\u00f1os\",\"url\":\"https:\\\/\\\/www.smbfortuna.com\\\/\",\"logo\":{\"@type\":\"ImageObject\",\"inLanguage\":\"es\",\"@id\":\"https:\\\/\\\/www.smbfortuna.com\\\/#\\\/schema\\\/logo\\\/image\\\/\",\"url\":\"https:\\\/\\\/www.smbfortuna.com\\\/wp-content\\\/uploads\\\/2024\\\/08\\\/cropped-logo-fortuna.jpg\",\"contentUrl\":\"https:\\\/\\\/www.smbfortuna.com\\\/wp-content\\\/uploads\\\/2024\\\/08\\\/cropped-logo-fortuna.jpg\",\"width\":250,\"height\":250,\"caption\":\"IES Santa Mar\u00eda de los Ba\u00f1os\"},\"image\":{\"@id\":\"https:\\\/\\\/www.smbfortuna.com\\\/#\\\/schema\\\/logo\\\/image\\\/\"}},{\"@type\":\"Person\",\"@id\":\"https:\\\/\\\/www.smbfortuna.com\\\/#\\\/schema\\\/person\\\/0ce9c6614bef5819f9aeb2e88bf80999\",\"name\":\"smbfortuna\",\"image\":{\"@type\":\"ImageObject\",\"inLanguage\":\"es\",\"@id\":\"https:\\\/\\\/secure.gravatar.com\\\/avatar\\\/0ad0edb91944aaf8dc1a990904173f554dcde6e73415634b571ee21764cfc81e?s=96&d=mm&r=g\",\"url\":\"https:\\\/\\\/secure.gravatar.com\\\/avatar\\\/0ad0edb91944aaf8dc1a990904173f554dcde6e73415634b571ee21764cfc81e?s=96&d=mm&r=g\",\"contentUrl\":\"https:\\\/\\\/secure.gravatar.com\\\/avatar\\\/0ad0edb91944aaf8dc1a990904173f554dcde6e73415634b571ee21764cfc81e?s=96&d=mm&r=g\",\"caption\":\"smbfortuna\"},\"url\":\"https:\\\/\\\/www.smbfortuna.com\\\/index.php\\\/author\\\/smbfortuna\\\/\"}]}<\/script>\n<!-- \/ Yoast SEO plugin. -->","yoast_head_json":{"title":"PRIMER D\u00cdA LECTIVO: 10 DE SEPTIEMBRE - IES Santa Mar\u00eda de los Ba\u00f1os","robots":{"index":"index","follow":"follow","max-snippet":"max-snippet:-1","max-image-preview":"max-image-preview:large","max-video-preview":"max-video-preview:-1"},"canonical":"https:\/\/www.smbfortuna.com\/index.php\/2026\/09\/04\/primer-dia-lectivo-10-de-septiembre\/","og_locale":"es_ES","og_type":"article","og_title":"PRIMER D\u00cdA LECTIVO: 10 DE SEPTIEMBRE - IES Santa Mar\u00eda de los Ba\u00f1os","og_description":"El pr\u00f3ximo jueves 10 de septiembre tendr\u00e1 lugar el primer d\u00eda lectivo para los alumnos de ESO y Bachillerato de nuestro instituto: Todos los alumnos y alumnas deber\u00e1n acudir al pabell\u00f3n de Educaci\u00f3n F\u00edsica a la hora indicada en cada caso.La jornada en general acabar\u00e1 en torno a las 13.00 horas. Este primer d\u00eda es [&hellip;]","og_url":"https:\/\/www.smbfortuna.com\/index.php\/2026\/09\/04\/primer-dia-lectivo-10-de-septiembre\/","og_site_name":"IES Santa Mar\u00eda de los Ba\u00f1os","article_published_time":"2026-09-04T14:48:32+00:00","article_modified_time":"2026-09-04T15:00:00+00:00","og_image":[{"width":484,"height":239,"url":"https:\/\/www.smbfortuna.com\/wp-content\/uploads\/2026\/09\/10-SEPTIEMBRE.png","type":"image\/png"}],"author":"smbfortuna","twitter_card":"summary_large_image","twitter_misc":{"Escrito por":"smbfortuna","Tiempo de lectura":"2 minutos"},"schema":{"@context":"https:\/\/schema.org","@graph":[{"@type":"Article","@id":"https:\/\/www.smbfortuna.com\/index.php\/2026\/09\/04\/primer-dia-lectivo-10-de-septiembre\/#article","isPartOf":{"@id":"https:\/\/www.smbfortuna.com\/index.php\/2026\/09\/04\/primer-dia-lectivo-10-de-septiembre\/"},"author":{"name":"smbfortuna","@id":"https:\/\/www.smbfortuna.com\/#\/schema\/person\/0ce9c6614bef5819f9aeb2e88bf80999"},"headline":"PRIMER D\u00cdA LECTIVO: 10 DE SEPTIEMBRE","datePublished":"2026-09-04T14:48:32+00:00","dateModified":"2026-09-04T15:00:00+00:00","mainEntityOfPage":{"@id":"https:\/\/www.smbfortuna.com\/index.php\/2026\/09\/04\/primer-dia-lectivo-10-de-septiembre\/"},"wordCount":127,"commentCount":0,"publisher":{"@id":"https:\/\/www.smbfortuna.com\/#organization"},"image":{"@id":"https:\/\/www.smbfortuna.com\/index.php\/2026\/09\/04\/primer-dia-lectivo-10-de-septiembre\/#primaryimage"},"thumbnailUrl":"https:\/\/www.smbfortuna.com\/wp-content\/uploads\/2026\/09\/10-SEPTIEMBRE.png","articleSection":["Alumnos","Familias"],"inLanguage":"es","potentialAction":[{"@type":"CommentAction","name":"Comment","target":["https:\/\/www.smbfortuna.com\/index.php\/2026\/09\/04\/primer-dia-lectivo-10-de-septiembre\/#respond"]}]},{"@type":"WebPage","@id":"https:\/\/www.smbfortuna.com\/index.php\/2026\/09\/04\/primer-dia-lectivo-10-de-septiembre\/","url":"https:\/\/www.smbfortuna.com\/index.php\/2026\/09\/04\/primer-dia-lectivo-10-de-septiembre\/","name":"PRIMER D\u00cdA LECTIVO: 10 DE SEPTIEMBRE - IES Santa Mar\u00eda de los Ba\u00f1os","isPartOf":{"@id":"https:\/\/www.smbfortuna.com\/#website"},"primaryImageOfPage":{"@id":"https:\/\/www.smbfortuna.com\/index.php\/2026\/09\/04\/primer-dia-lectivo-10-de-septiembre\/#primaryimage"},"image":{"@id":"https:\/\/www.smbfortuna.com\/index.php\/2026\/09\/04\/primer-dia-lectivo-10-de-septiembre\/#primaryimage"},"thumbnailUrl":"https:\/\/www.smbfortuna.com\/wp-content\/uploads\/2026\/09\/10-SEPTIEMBRE.png","datePublished":"2026-09-04T14:48:32+00:00","dateModified":"2026-09-04T15:00:00+00:00","breadcrumb":{"@id":"https:\/\/www.smbfortuna.com\/index.php\/2026\/09\/04\/primer-dia-lectivo-10-de-septiembre\/#breadcrumb"},"inLanguage":"es","potentialAction":[{"@type":"ReadAction","target":["https:\/\/www.smbfortuna.com\/index.php\/2026\/09\/04\/primer-dia-lectivo-10-de-septiembre\/"]}]},{"@type":"ImageObject","inLanguage":"es","@id":"https:\/\/www.smbfortuna.com\/index.php\/2026\/09\/04\/primer-dia-lectivo-10-de-septiembre\/#primaryimage","url":"https:\/\/www.smbfortuna.com\/wp-content\/uploads\/2026\/09\/10-SEPTIEMBRE.png","contentUrl":"https:\/\/www.smbfortuna.com\/wp-content\/uploads\/2026\/09\/10-SEPTIEMBRE.png","width":484,"height":239},{"@type":"BreadcrumbList","@id":"https:\/\/www.smbfortuna.com\/index.php\/2026\/09\/04\/primer-dia-lectivo-10-de-septiembre\/#breadcrumb","itemListElement":[{"@type":"ListItem","position":1,"name":"Portada","item":"https:\/\/www.smbfortuna.com\/"},{"@type":"ListItem","position":2,"name":"PRIMER D\u00cdA LECTIVO: 10 DE SEPTIEMBRE"}]},{"@type":"WebSite","@id":"https:\/\/www.smbfortuna.com\/#website","url":"https:\/\/www.smbfortuna.com\/","name":"IES Santa Mar\u00eda de los Ba\u00f1os","description":"","publisher":{"@id":"https:\/\/www.smbfortuna.com\/#organization"},"potentialAction":[{"@type":"SearchAction","target":{"@type":"EntryPoint","urlTemplate":"https:\/\/www.smbfortuna.com\/?s={search_term_string}"},"query-input":{"@type":"PropertyValueSpecification","valueRequired":true,"valueName":"search_term_string"}}],"inLanguage":"es"},{"@type":"Organization","@id":"https:\/\/www.smbfortuna.com\/#organization","name":"IES Santa Mar\u00eda de los Ba\u00f1os","url":"https:\/\/www.smbfortuna.com\/","logo":{"@type":"ImageObject","inLanguage":"es","@id":"https:\/\/www.smbfortuna.com\/#\/schema\/logo\/image\/","url":"https:\/\/www.smbfortuna.com\/wp-content\/uploads\/2024\/08\/cropped-logo-fortuna.jpg","contentUrl":"https:\/\/www.smbfortuna.com\/wp-content\/uploads\/2024\/08\/cropped-logo-fortuna.jpg","width":250,"height":250,"caption":"IES Santa Mar\u00eda de los Ba\u00f1os"},"image":{"@id":"https:\/\/www.smbfortuna.com\/#\/schema\/logo\/image\/"}},{"@type":"Person","@id":"https:\/\/www.smbfortuna.com\/#\/schema\/person\/0ce9c6614bef5819f9aeb2e88bf80999","name":"smbfortuna","image":{"@type":"ImageObject","inLanguage":"es","@id":"https:\/\/secure.gravatar.com\/avatar\/0ad0edb91944aaf8dc1a990904173f554dcde6e73415634b571ee21764cfc81e?s=96&d=mm&r=g","url":"https:\/\/secure.gravatar.com\/avatar\/0ad0edb91944aaf8dc1a990904173f554dcde6e73415634b571ee21764cfc81e?s=96&d=mm&r=g","contentUrl":"https:\/\/secure.gravatar.com\/avatar\/0ad0edb91944aaf8dc1a990904173f554dcde6e73415634b571ee21764cfc81e?s=96&d=mm&r=g","caption":"smbfortuna"},"url":"https:\/\/www.smbfortuna.com\/index.php\/author\/smbfortuna\/"}]}},"uagb_featured_image_src":{"full":["https:\/\/www.smbfortuna.com\/wp-content\/uploads\/2026\/09\/10-SEPTIEMBRE.png",484,239,false],"thumbnail":["https:\/\/www.smbfortuna.com\/wp-content\/uploads\/2026\/09\/10-SEPTIEMBRE-150x150.png",150,150,true],"medium":["https:\/\/www.smbfortuna.com\/wp-content\/uploads\/2026\/09\/10-SEPTIEMBRE-300x148.png",300,148,true],"medium_large":["https:\/\/www.smbfortuna.com\/wp-content\/uploads\/2026\/09\/10-SEPTIEMBRE.png",484,239,false],"large":["https:\/\/www.smbfortuna.com\/wp-content\/uploads\/2026\/09\/10-SEPTIEMBRE.png",484,239,false],"1536x1536":["https:\/\/www.smbfortuna.com\/wp-content\/uploads\/2026\/09\/10-SEPTIEMBRE.png",484,239,false],"2048x2048":["https:\/\/www.smbfortuna.com\/wp-content\/uploads\/2026\/09\/10-SEPTIEMBRE.png",484,239,false],"iqra-education-featured-image":["https:\/\/www.smbfortuna.com\/wp-content\/uploads\/2026\/09\/10-SEPTIEMBRE.png",484,239,false],"iqra-education-thumbnail-avatar":["https:\/\/www.smbfortuna.com\/wp-content\/uploads\/2026\/09\/10-SEPTIEMBRE-100x100.png",100,100,true]},"uagb_author_info":{"display_name":"smbfortuna","author_link":"https:\/\/www.smbfortuna.com\/index.php\/author\/smbfortuna\/"},"uagb_comment_info":0,"uagb_excerpt":"El pr\u00f3ximo jueves 10 de septiembre tendr\u00e1 lugar el primer d\u00eda lectivo para los alumnos de ESO y Bachillerato de nuestro instituto: Todos los alumnos y alumnas deber\u00e1n acudir al pabell\u00f3n de Educaci\u00f3n F\u00edsica a la hora indicada en cada caso.La jornada en general acabar\u00e1 en torno a las 13.00 horas. Este primer d\u00eda es&hellip;","jetpack_featured_media_url":"https:\/\/www.smbfortuna.com\/wp-content\/uploads\/2026\/09\/10-SEPTIEMBRE.png","_links":{"self":[{"href":"https:\/\/www.smbfortuna.com\/index.php\/wp-json\/wp\/v2\/posts\/1553","targetHints":{"allow":["GET"]}}],"collection":[{"href":"https:\/\/www.smbfortuna.com\/index.php\/wp-json\/wp\/v2\/posts"}],"about":[{"href":"https:\/\/www.smbfortuna.com\/index.php\/wp-json\/wp\/v2\/types\/post"}],"author":[{"embeddable":true,"href":"https:\/\/www.smbfortuna.com\/index.php\/wp-json\/wp\/v2\/users\/2"}],"replies":[{"embeddable":true,"href":"https:\/\/www.smbfortuna.com\/index.php\/wp-json\/wp\/v2\/comments?post=1553"}],"version-history":[{"count":2,"href":"https:\/\/www.smbfortuna.com\/index.php\/wp-json\/wp\/v2\/posts\/1553\/revisions"}],"predecessor-version":[{"id":1563,"href":"https:\/\/www.smbfortuna.com\/index.php\/wp-json\/wp\/v2\/posts\/1553\/revisions\/1563"}],"wp:featuredmedia":[{"embeddable":true,"href":"https:\/\/www.smbfortuna.com\/index.php\/wp-json\/wp\/v2\/media\/1557"}],"wp:attachment":[{"href":"https:\/\/www.smbfortuna.com\/index.php\/wp-json\/wp\/v2\/media?parent=1553"}],"wp:term":[{"taxonomy":"category","embeddable":true,"href":"https:\/\/www.smbfortuna.com\/index.php\/wp-json\/wp\/v2\/categories?post=1553"},{"taxonomy":"post_tag","embeddable":true,"href":"https:\/\/www.smbfortuna.com\/index.php\/wp-json\/wp\/v2\/tags?post=1553"}],"curies":[{"name":"wp","href":"https:\/\/api.w.org\/{rel}","templated":true}]}}